{"id":13620,"date":"2023-06-12T12:21:28","date_gmt":"2023-06-12T12:21:28","guid":{"rendered":"https:\/\/teachchildrenmeditation.com\/?p=13620"},"modified":"2025-09-24T20:17:43","modified_gmt":"2025-09-24T20:17:43","slug":"embracing-mindful-fatherhood","status":"publish","type":"post","link":"https:\/\/teachchildrenmeditation.com\/es\/embracing-mindful-fatherhood\/","title":{"rendered":"Abrazar la paternidad consciente"},"content":{"rendered":"<div class=\"\" data-block=\"true\" data-editor=\"fh71\" data-offset-key=\"2386c-0-0\">\n<h2 class=\"_1mf _1mj\" data-offset-key=\"2386c-0-0\">El poder de la meditaci\u00f3n para la conexi\u00f3n emocional<\/h2>\n<\/div>\n<p>La paternidad es un viaje lleno de alegr\u00eda, desaf\u00edos e inmensa responsabilidad.<\/p>\n<p>As we celebrate Father&#8217;s Day, it is a timely opportunity to reflect on the importance of emotional connection and well-being for men and boys.<\/p>\n<p>En una sociedad que a menudo fomenta la supresi\u00f3n emocional, los padres y las figuras paternas desempe\u00f1an un papel vital en el fomento de un entorno seguro y enriquecedor para el crecimiento emocional. Una herramienta poderosa que puede ayudar en este proceso es la meditaci\u00f3n.<\/p>\n<p>Exploremos c\u00f3mo la meditaci\u00f3n puede empoderar a hombres y ni\u00f1os para que cultiven la resiliencia emocional, forjen conexiones m\u00e1s profundas y adopten una paternidad consciente.<\/p>\n<ol>\n<li><strong>Comprender la importancia del bienestar emocional:<\/strong> En un mundo que espera que los hombres y los ni\u00f1os sean fuertes y resilientes, a menudo hay un espacio limitado para la expresi\u00f3n emocional. Necesitamos reconocer que la vulnerabilidad emocional no es un signo de debilidad sino m\u00e1s bien una fortaleza que permite conexiones aut\u00e9nticas. Al practicar la meditaci\u00f3n con regularidad, los padres pueden desarrollar inteligencia emocional y obtener una comprensi\u00f3n m\u00e1s profunda de sus propias emociones, lo que conduce a relaciones m\u00e1s saludables con sus hijos y seres queridos.<\/li>\n<li><strong>Fomentar la conexi\u00f3n emocional a trav\u00e9s de la meditaci\u00f3n:<\/strong> La meditaci\u00f3n sirve como una herramienta poderosa para fomentar la conexi\u00f3n emocional. Al alentar a hombres y ni\u00f1os a volverse hacia adentro, la meditaci\u00f3n les permite conectarse con su verdadero yo, desarrollando la autoconciencia y la empat\u00eda. Esta conexi\u00f3n interna sienta las bases para desarrollar relaciones significativas y aut\u00e9nticas, ya que los padres pueden comprender y empatizar m\u00e1s plenamente con las emociones y necesidades de sus hijos.<\/li>\n<li><strong>Crianza consciente: presencia y compasi\u00f3n:<\/strong> Mindful parenting is about being fully present with our children, cultivating deep connections based on understanding, compassion, and non-judgment. Meditation provides fathers with the opportunity to develop mindfulness skills, allowing them to be fully engaged in the present moment and fostering a sense of calm and understanding. By bringing mindfulness into their parenting approach, fathers can create a nurturing environment that encourages emotional growth and strengthens the bond with their children.<\/li>\n<li><strong>Rompiendo los estereotipos:<\/strong> Redefiniendo la masculinidad: la meditaci\u00f3n ofrece un camino poderoso para que hombres y ni\u00f1os desaf\u00eden los estereotipos sociales y redefinan la masculinidad. Al adoptar la inteligencia emocional y priorizar el cuidado personal a trav\u00e9s de la meditaci\u00f3n, los padres se convierten en modelos a seguir para sus hijos. Ense\u00f1an a sus hijos que la verdadera fuerza reside en la vulnerabilidad, la conexi\u00f3n emocional y la empat\u00eda, allanando el camino para un futuro m\u00e1s compasivo e inclusivo.<\/li>\n<\/ol>\n<p>Mientras celebramos el D\u00eda del Padre, abracemos el poder de la meditaci\u00f3n para fomentar la conexi\u00f3n emocional, la resiliencia y la paternidad consciente.<\/p>\n<p>Al integrar la meditaci\u00f3n en nuestras vidas, podemos liberarnos de las expectativas sociales, crear entornos enriquecedores y cultivar v\u00ednculos fuertes con nuestros hijos, apoyando el crecimiento emocional y el bienestar de las generaciones venideras.<\/p>\n<p>Aceptar la paternidad consciente comienza con aceptarnos a nosotros mismos y a nuestras emociones. Juntos, animemos a los padres y a las figuras paternas a embarcarse en este viaje transformador, respiro a la vez.<\/p>\n<p>&nbsp;<\/p>\n<p>Foto de <a href=\"https:\/\/unsplash.com\/@nathananderson\" target=\"_blank\" rel=\"noopener\">desempaquetar\u00a0<\/a><\/p>\n<p><!-- Calendly inline widget begin --><\/p>\n<p>&nbsp;<\/p>\n<p><b><div class='widescreen row colors10'><div class='col'><\/div><div class='col'><\/div><div class='col'><\/div><div class='col'><\/div><div class='col'><\/div><div class='col'><\/div><div class='col'><\/div><div class='col'><\/div><div class='col'><\/div><div class='col'><\/div><\/div><div class='cta widescreen' style='color:#fff ; background-color: #b3cccb;' ><div class='col padding20 textcenter'><\/b><\/p>\n<h3 style=\"text-align: center;\">Explore the Connected Kids Method<\/h3>\n<p style=\"text-align: center;\"><b><a target='_blank' class='outward_link deeppink' href='https:\/\/teachchildrenmeditation.com\/es\/meditation-benefits-connected-kids-training\/'>Aprende m\u00e1s<\/a><\/b><\/p>\n<p><a href=\"https:\/\/teachchildrenmeditation.com\/es\/meditation-benefits-connected-kids-training\/\" target=\"_blank\" rel=\"noopener\"><img loading=\"lazy\" decoding=\"async\" class=\"swell aligncenter wp-image-8155\" src=\"https:\/\/teachchildrenmeditation.com\/files\/2021\/04\/subscribe-hand-print.png\" alt=\"coloured print hand - connected kids - teach kids meditation and mindfulness\" width=\"130\" height=\"134\" \/><\/a><\/p>\n<p><b>\u00a0<\/b><\/p>\n<\/div><\/div>\n<div class='widescreen divider greenone'><\/div>","protected":false},"excerpt":{"rendered":"<p>Celebrando el D\u00eda del Padre \u2013 conscientemente<\/p>","protected":false},"author":13,"featured_media":13621,"comment_status":"open","ping_status":"closed","sticky":false,"template":"","format":"standard","meta":{"_acf_changed":false,"footnotes":""},"categories":[376,204,57,107,350,75,1],"tags":[139,242,168,356],"class_list":["post-13620","post","type-post","status-publish","format-standard","has-post-thumbnail","hentry","category-adoption","category-anger","category-attachment-parenting","category-emotional-intelligence","category-emotional-literacy","category-emotions","category-uncategorized","tag-attachment-parenting","tag-mindful-parenting","tag-parenting","tag-parenting-meditation","entry"],"acf":[],"yoast_head":"<!-- This site is optimized with the Yoast SEO plugin v27.5 - https:\/\/yoast.com\/product\/yoast-seo-wordpress\/ -->\n<title>Embracing Mindful Fatherhood - Teaching Children Meditation<\/title>\n<meta name=\"description\" content=\"meditation and fathers -how it can help an emotional connection for fathers and father figures with children of all ages\" \/>\n<meta name=\"robots\" content=\"index, follow, max-snippet:-1, max-image-preview:large, max-video-preview:-1\" \/>\n<link rel=\"canonical\" href=\"https:\/\/teachchildrenmeditation.com\/es\/embracing-mindful-fatherhood\/\" \/>\n<meta property=\"og:locale\" content=\"es_ES\" \/>\n<meta property=\"og:type\" content=\"article\" \/>\n<meta property=\"og:title\" content=\"Embracing Mindful Fatherhood - Teaching Children Meditation\" \/>\n<meta property=\"og:description\" content=\"meditation and fathers -how it can help an emotional connection for fathers and father figures with children of all ages\" \/>\n<meta property=\"og:url\" content=\"https:\/\/teachchildrenmeditation.com\/es\/embracing-mindful-fatherhood\/\" \/>\n<meta property=\"og:site_name\" content=\"Teaching Children Meditation\" \/>\n<meta property=\"article:publisher\" content=\"https:\/\/www.facebook.com\/connectedkids\" \/>\n<meta property=\"article:published_time\" content=\"2023-06-12T12:21:28+00:00\" \/>\n<meta property=\"article:modified_time\" content=\"2025-09-24T20:17:43+00:00\" \/>\n<meta property=\"og:image\" content=\"https:\/\/teachchildrenmeditation.com\/files\/2023\/06\/nathan-anderson-J3Xjyg5m8kY-unsplash-scaled.jpg\" \/>\n\t<meta property=\"og:image:width\" content=\"2560\" \/>\n\t<meta property=\"og:image:height\" content=\"1709\" \/>\n\t<meta property=\"og:image:type\" content=\"image\/jpeg\" \/>\n<meta name=\"author\" content=\"lorraine\" \/>\n<meta name=\"twitter:card\" content=\"summary_large_image\" \/>\n<meta name=\"twitter:label1\" content=\"Escrito por\" \/>\n\t<meta name=\"twitter:data1\" content=\"lorraine\" \/>\n\t<meta name=\"twitter:label2\" content=\"Tiempo de lectura\" \/>\n\t<meta name=\"twitter:data2\" content=\"3 minutos\" \/>\n<script type=\"application\/ld+json\" class=\"yoast-schema-graph\">{\"@context\":\"https:\\\/\\\/schema.org\",\"@graph\":[{\"@type\":\"Article\",\"@id\":\"https:\\\/\\\/teachchildrenmeditation.com\\\/embracing-mindful-fatherhood\\\/#article\",\"isPartOf\":{\"@id\":\"https:\\\/\\\/teachchildrenmeditation.com\\\/embracing-mindful-fatherhood\\\/\"},\"author\":{\"name\":\"lorraine\",\"@id\":\"https:\\\/\\\/teachchildrenmeditation.com\\\/#\\\/schema\\\/person\\\/6609f5601cf82095eca46d55752d4b5d\"},\"headline\":\"Embracing Mindful Fatherhood\",\"datePublished\":\"2023-06-12T12:21:28+00:00\",\"dateModified\":\"2025-09-24T20:17:43+00:00\",\"mainEntityOfPage\":{\"@id\":\"https:\\\/\\\/teachchildrenmeditation.com\\\/embracing-mindful-fatherhood\\\/\"},\"wordCount\":499,\"commentCount\":0,\"publisher\":{\"@id\":\"https:\\\/\\\/teachchildrenmeditation.com\\\/#organization\"},\"image\":{\"@id\":\"https:\\\/\\\/teachchildrenmeditation.com\\\/embracing-mindful-fatherhood\\\/#primaryimage\"},\"thumbnailUrl\":\"https:\\\/\\\/teachchildrenmeditation.com\\\/files\\\/2023\\\/06\\\/nathan-anderson-J3Xjyg5m8kY-unsplash-scaled.jpg\",\"keywords\":[\"attachment parenting\",\"mindful parenting\",\"parenting\",\"parenting meditation\"],\"articleSection\":[\"adoption\",\"anger\",\"attachment parenting\",\"emotional intelligence\",\"emotional literacy\",\"emotions\",\"Uncategorized\"],\"inLanguage\":\"es\",\"potentialAction\":[{\"@type\":\"CommentAction\",\"name\":\"Comment\",\"target\":[\"https:\\\/\\\/teachchildrenmeditation.com\\\/embracing-mindful-fatherhood\\\/#respond\"]}]},{\"@type\":\"WebPage\",\"@id\":\"https:\\\/\\\/teachchildrenmeditation.com\\\/embracing-mindful-fatherhood\\\/\",\"url\":\"https:\\\/\\\/teachchildrenmeditation.com\\\/embracing-mindful-fatherhood\\\/\",\"name\":\"Embracing Mindful Fatherhood - Teaching Children Meditation\",\"isPartOf\":{\"@id\":\"https:\\\/\\\/teachchildrenmeditation.com\\\/#website\"},\"primaryImageOfPage\":{\"@id\":\"https:\\\/\\\/teachchildrenmeditation.com\\\/embracing-mindful-fatherhood\\\/#primaryimage\"},\"image\":{\"@id\":\"https:\\\/\\\/teachchildrenmeditation.com\\\/embracing-mindful-fatherhood\\\/#primaryimage\"},\"thumbnailUrl\":\"https:\\\/\\\/teachchildrenmeditation.com\\\/files\\\/2023\\\/06\\\/nathan-anderson-J3Xjyg5m8kY-unsplash-scaled.jpg\",\"datePublished\":\"2023-06-12T12:21:28+00:00\",\"dateModified\":\"2025-09-24T20:17:43+00:00\",\"description\":\"meditation and fathers -how it can help an emotional connection for fathers and father figures with children of all ages\",\"breadcrumb\":{\"@id\":\"https:\\\/\\\/teachchildrenmeditation.com\\\/embracing-mindful-fatherhood\\\/#breadcrumb\"},\"inLanguage\":\"es\",\"potentialAction\":[{\"@type\":\"ReadAction\",\"target\":[\"https:\\\/\\\/teachchildrenmeditation.com\\\/embracing-mindful-fatherhood\\\/\"]}]},{\"@type\":\"ImageObject\",\"inLanguage\":\"es\",\"@id\":\"https:\\\/\\\/teachchildrenmeditation.com\\\/embracing-mindful-fatherhood\\\/#primaryimage\",\"url\":\"https:\\\/\\\/teachchildrenmeditation.com\\\/files\\\/2023\\\/06\\\/nathan-anderson-J3Xjyg5m8kY-unsplash-scaled.jpg\",\"contentUrl\":\"https:\\\/\\\/teachchildrenmeditation.com\\\/files\\\/2023\\\/06\\\/nathan-anderson-J3Xjyg5m8kY-unsplash-scaled.jpg\",\"width\":2560,\"height\":1709,\"caption\":\"boy with father - fathers day mindfulness and meditation\"},{\"@type\":\"BreadcrumbList\",\"@id\":\"https:\\\/\\\/teachchildrenmeditation.com\\\/embracing-mindful-fatherhood\\\/#breadcrumb\",\"itemListElement\":[{\"@type\":\"ListItem\",\"position\":1,\"name\":\"Home\",\"item\":\"https:\\\/\\\/teachchildrenmeditation.com\\\/\"},{\"@type\":\"ListItem\",\"position\":2,\"name\":\"Embracing Mindful Fatherhood\"}]},{\"@type\":\"WebSite\",\"@id\":\"https:\\\/\\\/teachchildrenmeditation.com\\\/#website\",\"url\":\"https:\\\/\\\/teachchildrenmeditation.com\\\/\",\"name\":\"Teaching Children Meditation\",\"description\":\"accredited and award-winning\",\"publisher\":{\"@id\":\"https:\\\/\\\/teachchildrenmeditation.com\\\/#organization\"},\"potentialAction\":[{\"@type\":\"SearchAction\",\"target\":{\"@type\":\"EntryPoint\",\"urlTemplate\":\"https:\\\/\\\/teachchildrenmeditation.com\\\/?s={search_term_string}\"},\"query-input\":{\"@type\":\"PropertyValueSpecification\",\"valueRequired\":true,\"valueName\":\"search_term_string\"}}],\"inLanguage\":\"es\"},{\"@type\":\"Organization\",\"@id\":\"https:\\\/\\\/teachchildrenmeditation.com\\\/#organization\",\"name\":\"Connected Kids Ltd\",\"url\":\"https:\\\/\\\/teachchildrenmeditation.com\\\/\",\"logo\":{\"@type\":\"ImageObject\",\"inLanguage\":\"es\",\"@id\":\"https:\\\/\\\/teachchildrenmeditation.com\\\/#\\\/schema\\\/logo\\\/image\\\/\",\"url\":\"https:\\\/\\\/teachchildrenmeditation.com\\\/files\\\/2021\\\/04\\\/logo2CK-3.png\",\"contentUrl\":\"https:\\\/\\\/teachchildrenmeditation.com\\\/files\\\/2021\\\/04\\\/logo2CK-3.png\",\"width\":472,\"height\":470,\"caption\":\"Connected Kids Ltd\"},\"image\":{\"@id\":\"https:\\\/\\\/teachchildrenmeditation.com\\\/#\\\/schema\\\/logo\\\/image\\\/\"},\"sameAs\":[\"https:\\\/\\\/www.facebook.com\\\/connectedkids\",\"https:\\\/\\\/www.instagram.com\\\/connectedkids\\\/\"]},{\"@type\":\"Person\",\"@id\":\"https:\\\/\\\/teachchildrenmeditation.com\\\/#\\\/schema\\\/person\\\/6609f5601cf82095eca46d55752d4b5d\",\"name\":\"lorraine\",\"image\":{\"@type\":\"ImageObject\",\"inLanguage\":\"es\",\"@id\":\"https:\\\/\\\/secure.gravatar.com\\\/avatar\\\/6ee14ece6dc231e0e290621ba0c8b710e04ca0f7fe2f808627d1b5b0dcf73bec?s=96&d=mm&r=g\",\"url\":\"https:\\\/\\\/secure.gravatar.com\\\/avatar\\\/6ee14ece6dc231e0e290621ba0c8b710e04ca0f7fe2f808627d1b5b0dcf73bec?s=96&d=mm&r=g\",\"contentUrl\":\"https:\\\/\\\/secure.gravatar.com\\\/avatar\\\/6ee14ece6dc231e0e290621ba0c8b710e04ca0f7fe2f808627d1b5b0dcf73bec?s=96&d=mm&r=g\",\"caption\":\"lorraine\"},\"url\":\"https:\\\/\\\/teachchildrenmeditation.com\\\/es\\\/author\\\/lorraine\\\/\"}]}<\/script>\n<!-- \/ Yoast SEO plugin. -->","yoast_head_json":{"title":"Embracing Mindful Fatherhood - Teaching Children Meditation","description":"meditation and fathers -how it can help an emotional connection for fathers and father figures with children of all ages","robots":{"index":"index","follow":"follow","max-snippet":"max-snippet:-1","max-image-preview":"max-image-preview:large","max-video-preview":"max-video-preview:-1"},"canonical":"https:\/\/teachchildrenmeditation.com\/es\/embracing-mindful-fatherhood\/","og_locale":"es_ES","og_type":"article","og_title":"Embracing Mindful Fatherhood - Teaching Children Meditation","og_description":"meditation and fathers -how it can help an emotional connection for fathers and father figures with children of all ages","og_url":"https:\/\/teachchildrenmeditation.com\/es\/embracing-mindful-fatherhood\/","og_site_name":"Teaching Children Meditation","article_publisher":"https:\/\/www.facebook.com\/connectedkids","article_published_time":"2023-06-12T12:21:28+00:00","article_modified_time":"2025-09-24T20:17:43+00:00","og_image":[{"width":2560,"height":1709,"url":"https:\/\/teachchildrenmeditation.com\/files\/2023\/06\/nathan-anderson-J3Xjyg5m8kY-unsplash-scaled.jpg","type":"image\/jpeg"}],"author":"lorraine","twitter_card":"summary_large_image","twitter_misc":{"Escrito por":"lorraine","Tiempo de lectura":"3 minutos"},"schema":{"@context":"https:\/\/schema.org","@graph":[{"@type":"Article","@id":"https:\/\/teachchildrenmeditation.com\/embracing-mindful-fatherhood\/#article","isPartOf":{"@id":"https:\/\/teachchildrenmeditation.com\/embracing-mindful-fatherhood\/"},"author":{"name":"lorraine","@id":"https:\/\/teachchildrenmeditation.com\/#\/schema\/person\/6609f5601cf82095eca46d55752d4b5d"},"headline":"Embracing Mindful Fatherhood","datePublished":"2023-06-12T12:21:28+00:00","dateModified":"2025-09-24T20:17:43+00:00","mainEntityOfPage":{"@id":"https:\/\/teachchildrenmeditation.com\/embracing-mindful-fatherhood\/"},"wordCount":499,"commentCount":0,"publisher":{"@id":"https:\/\/teachchildrenmeditation.com\/#organization"},"image":{"@id":"https:\/\/teachchildrenmeditation.com\/embracing-mindful-fatherhood\/#primaryimage"},"thumbnailUrl":"https:\/\/teachchildrenmeditation.com\/files\/2023\/06\/nathan-anderson-J3Xjyg5m8kY-unsplash-scaled.jpg","keywords":["attachment parenting","mindful parenting","parenting","parenting meditation"],"articleSection":["adoption","anger","attachment parenting","emotional intelligence","emotional literacy","emotions","Uncategorized"],"inLanguage":"es","potentialAction":[{"@type":"CommentAction","name":"Comment","target":["https:\/\/teachchildrenmeditation.com\/embracing-mindful-fatherhood\/#respond"]}]},{"@type":"WebPage","@id":"https:\/\/teachchildrenmeditation.com\/embracing-mindful-fatherhood\/","url":"https:\/\/teachchildrenmeditation.com\/embracing-mindful-fatherhood\/","name":"Embracing Mindful Fatherhood - Teaching Children Meditation","isPartOf":{"@id":"https:\/\/teachchildrenmeditation.com\/#website"},"primaryImageOfPage":{"@id":"https:\/\/teachchildrenmeditation.com\/embracing-mindful-fatherhood\/#primaryimage"},"image":{"@id":"https:\/\/teachchildrenmeditation.com\/embracing-mindful-fatherhood\/#primaryimage"},"thumbnailUrl":"https:\/\/teachchildrenmeditation.com\/files\/2023\/06\/nathan-anderson-J3Xjyg5m8kY-unsplash-scaled.jpg","datePublished":"2023-06-12T12:21:28+00:00","dateModified":"2025-09-24T20:17:43+00:00","description":"meditation and fathers -how it can help an emotional connection for fathers and father figures with children of all ages","breadcrumb":{"@id":"https:\/\/teachchildrenmeditation.com\/embracing-mindful-fatherhood\/#breadcrumb"},"inLanguage":"es","potentialAction":[{"@type":"ReadAction","target":["https:\/\/teachchildrenmeditation.com\/embracing-mindful-fatherhood\/"]}]},{"@type":"ImageObject","inLanguage":"es","@id":"https:\/\/teachchildrenmeditation.com\/embracing-mindful-fatherhood\/#primaryimage","url":"https:\/\/teachchildrenmeditation.com\/files\/2023\/06\/nathan-anderson-J3Xjyg5m8kY-unsplash-scaled.jpg","contentUrl":"https:\/\/teachchildrenmeditation.com\/files\/2023\/06\/nathan-anderson-J3Xjyg5m8kY-unsplash-scaled.jpg","width":2560,"height":1709,"caption":"boy with father - fathers day mindfulness and meditation"},{"@type":"BreadcrumbList","@id":"https:\/\/teachchildrenmeditation.com\/embracing-mindful-fatherhood\/#breadcrumb","itemListElement":[{"@type":"ListItem","position":1,"name":"Home","item":"https:\/\/teachchildrenmeditation.com\/"},{"@type":"ListItem","position":2,"name":"Embracing Mindful Fatherhood"}]},{"@type":"WebSite","@id":"https:\/\/teachchildrenmeditation.com\/#website","url":"https:\/\/teachchildrenmeditation.com\/","name":"Ense\u00f1ar a los ni\u00f1os a meditar","description":"acreditado y premiado","publisher":{"@id":"https:\/\/teachchildrenmeditation.com\/#organization"},"potentialAction":[{"@type":"SearchAction","target":{"@type":"EntryPoint","urlTemplate":"https:\/\/teachchildrenmeditation.com\/?s={search_term_string}"},"query-input":{"@type":"PropertyValueSpecification","valueRequired":true,"valueName":"search_term_string"}}],"inLanguage":"es"},{"@type":"Organization","@id":"https:\/\/teachchildrenmeditation.com\/#organization","name":"Connected Kids Ltd","url":"https:\/\/teachchildrenmeditation.com\/","logo":{"@type":"ImageObject","inLanguage":"es","@id":"https:\/\/teachchildrenmeditation.com\/#\/schema\/logo\/image\/","url":"https:\/\/teachchildrenmeditation.com\/files\/2021\/04\/logo2CK-3.png","contentUrl":"https:\/\/teachchildrenmeditation.com\/files\/2021\/04\/logo2CK-3.png","width":472,"height":470,"caption":"Connected Kids Ltd"},"image":{"@id":"https:\/\/teachchildrenmeditation.com\/#\/schema\/logo\/image\/"},"sameAs":["https:\/\/www.facebook.com\/connectedkids","https:\/\/www.instagram.com\/connectedkids\/"]},{"@type":"Person","@id":"https:\/\/teachchildrenmeditation.com\/#\/schema\/person\/6609f5601cf82095eca46d55752d4b5d","name":"Lorena","image":{"@type":"ImageObject","inLanguage":"es","@id":"https:\/\/secure.gravatar.com\/avatar\/6ee14ece6dc231e0e290621ba0c8b710e04ca0f7fe2f808627d1b5b0dcf73bec?s=96&d=mm&r=g","url":"https:\/\/secure.gravatar.com\/avatar\/6ee14ece6dc231e0e290621ba0c8b710e04ca0f7fe2f808627d1b5b0dcf73bec?s=96&d=mm&r=g","contentUrl":"https:\/\/secure.gravatar.com\/avatar\/6ee14ece6dc231e0e290621ba0c8b710e04ca0f7fe2f808627d1b5b0dcf73bec?s=96&d=mm&r=g","caption":"lorraine"},"url":"https:\/\/teachchildrenmeditation.com\/es\/author\/lorraine\/"}]}},"_links":{"self":[{"href":"https:\/\/teachchildrenmeditation.com\/es\/wp-json\/wp\/v2\/posts\/13620","targetHints":{"allow":["GET"]}}],"collection":[{"href":"https:\/\/teachchildrenmeditation.com\/es\/wp-json\/wp\/v2\/posts"}],"about":[{"href":"https:\/\/teachchildrenmeditation.com\/es\/wp-json\/wp\/v2\/types\/post"}],"author":[{"embeddable":true,"href":"https:\/\/teachchildrenmeditation.com\/es\/wp-json\/wp\/v2\/users\/13"}],"replies":[{"embeddable":true,"href":"https:\/\/teachchildrenmeditation.com\/es\/wp-json\/wp\/v2\/comments?post=13620"}],"version-history":[{"count":9,"href":"https:\/\/teachchildrenmeditation.com\/es\/wp-json\/wp\/v2\/posts\/13620\/revisions"}],"predecessor-version":[{"id":18561,"href":"https:\/\/teachchildrenmeditation.com\/es\/wp-json\/wp\/v2\/posts\/13620\/revisions\/18561"}],"wp:featuredmedia":[{"embeddable":true,"href":"https:\/\/teachchildrenmeditation.com\/es\/wp-json\/wp\/v2\/media\/13621"}],"wp:attachment":[{"href":"https:\/\/teachchildrenmeditation.com\/es\/wp-json\/wp\/v2\/media?parent=13620"}],"wp:term":[{"taxonomy":"category","embeddable":true,"href":"https:\/\/teachchildrenmeditation.com\/es\/wp-json\/wp\/v2\/categories?post=13620"},{"taxonomy":"post_tag","embeddable":true,"href":"https:\/\/teachchildrenmeditation.com\/es\/wp-json\/wp\/v2\/tags?post=13620"}],"curies":[{"name":"wp","href":"https:\/\/api.w.org\/{rel}","templated":true}]}}